{"id":7068,"date":"2026-04-30T09:52:26","date_gmt":"2026-04-30T06:52:26","guid":{"rendered":"https:\/\/www.aldagulymm.com.tr\/?p=7068"},"modified":"2026-04-30T09:52:26","modified_gmt":"2026-04-30T06:52:26","slug":"kuyum-ticareti-hakkinda-yonetmelikte-degisiklik-yapilmasina-dair-yonetmelik","status":"publish","type":"post","link":"https:\/\/www.aldagulymm.com.tr\/?p=7068","title":{"rendered":"Kuyum Ticareti Hakk\u0131nda Y\u00f6netmelikte De\u011fi\u015fiklik Yap\u0131lmas\u0131na Dair Y\u00f6netmelik"},"content":{"rendered":"<p><a href=\"http:\/\/www.alohaber.net\/wp\/wp-content\/uploads\/2019\/06\/ticaret-bakanligi-yeni.jpg\"><img loading=\"lazy\" decoding=\"async\" class=\"alignleft size-full wp-image-13555\" src=\"http:\/\/www.alohaber.net\/wp\/wp-content\/uploads\/2019\/06\/ticaret-bakanligi-yeni.jpg\" alt=\"\" width=\"80\" height=\"80\" \/><\/a>29 Nisan 2026 Tarihli Resmi Gazete Say&#305;: 33238 Ticaret Bakanl&#305;&#287;&#305;ndan: MADDE 1- 14\/4\/2021 tarihli ve 31454 say&#305;l&#305; Resm\u00ee Gazete\u2019de yay&#305;mlanan Kuyum Tica&#8230;<\/p>\n<p>&nbsp;<\/p>\n<p><!--more--><\/p>\n<p>&nbsp;<\/p>\n<p class=\"post-tile entry-title\" style=\"text-align: center\"><strong>Kuyum Ticareti Hakk&#305;nda Y&#246;netmelikte De&#287;i&#351;iklik Yap&#305;lmas&#305;na Dair Y&#246;netmelik<\/strong><\/p>\n<div class=\"mom-post-meta single-post-meta\">Tarih:\u00a0<time class=\"updated\" datetime=\"2026-04-29T00:09:27+03:00\">29 Nisan 2026<\/time><\/div>\n<div class=\"entry-content\">\n<div class=\"wpb-content-wrapper\">\n<p>29 Nisan 2026 Tarihli Resmi Gazete<\/p>\n<p>Say&#305;: 33238<\/p>\n<p>Ticaret Bakanl&#305;&#287;&#305;ndan:<\/p>\n<\/div>\n<p><strong>MADDE 1-\u00a0<\/strong>14\/4\/2021 tarihli ve 31454 say&#305;l&#305; Resm\u00ee Gazete\u2019de yay&#305;mlanan\u00a0<strong><a href=\"https:\/\/www.alomaliye.com\/2021\/04\/14\/kuyum-ticareti-hakkinda-yonetmelik\/\">Kuyum Ticareti Hakk&#305;nda Y&#246;netmeli&#287;in<\/a><\/strong>\u00a02 nci maddesinin birinci f&#305;kras&#305;nda yer alan \u201cverilmesi,\u201d ibaresinden sonra gelmek &#252;zere \u201ctadili,\u201d ibaresi eklenmi&#351;tir.<\/p>\n<p><strong>MADDE 2-\u00a0<\/strong>Ayn&#305; Y&#246;netmeli&#287;in 5 inci maddesinin ikinci f&#305;kras&#305;nda yer alan \u201cverilir,\u201d ibaresinden sonra gelmek &#252;zere \u201ctadil edilir,\u201d ibaresi eklenmi&#351;tir.<\/p>\n<div class=\"wpb-content-wrapper\">\n<p><strong>MADDE 3-\u00a0<\/strong>Ayn&#305; Y&#246;netmeli&#287;in 8 inci maddesi ba&#351;l&#305;&#287;&#305; ile birlikte a&#351;a&#287;&#305;da &#351;ekilde de&#287;i&#351;tirilmi&#351;tir.<\/p>\n<p>\u201cYetki belgesinin tadili ve yenilenmesi<\/p>\n<p>MADDE 8- (1) Yetki belgesi, ticaret &#252;nvan&#305; veya i&#351;letme ad&#305; de&#287;i&#351;ikli&#287;i hari&#231; olmak &#252;zere, i&#231;eri&#287;indeki bilgilerden herhangi birinde de&#287;i&#351;iklik olmas&#305; durumunda tadil edilir. Ticaret &#252;nvan&#305; veya i&#351;letme ad&#305;n&#305;n de&#287;i&#351;mesi durumunda yetki belgesi yenilenir.<\/p>\n<p>(2) Tadil ve yenileme ba&#351;vurusu, de&#287;i&#351;ikli&#287;in ger&#231;ekle&#351;ti&#287;i tarihten itibaren on g&#252;n i&#231;inde Bilgi Sistemi &#252;zerinden yap&#305;l&#305;r ve il m&#252;d&#252;rl&#252;&#287;&#252;nce ba&#351;vuru tarihinden itibaren on g&#252;n i&#231;inde sonu&#231;land&#305;r&#305;l&#305;r.\u201d<\/p>\n<p><strong>MADDE 4-\u00a0<\/strong>Ayn&#305; Y&#246;netmeli&#287;in 9 uncu maddesinin birinci f&#305;kras&#305;n&#305;n (c) bendinde yer alan \u201ci&#231;inde\u201d ibarelerinden sonra gelmek &#252;zere \u201ctadil veya\u201d ibareleri eklenmi&#351;tir.<\/p>\n<p><strong>MADDE 5-\u00a0<\/strong>Bu Y&#246;netmelik yay&#305;m&#305; tarihinde y&#252;r&#252;rl&#252;&#287;e girer.<\/p>\n<p><strong>MADDE 6-\u00a0<\/strong>Bu Y&#246;netmelik h&#252;k&#252;mlerini Ticaret Bakan&#305; y&#252;r&#252;t&#252;r.<\/p>\n<\/div>\n<\/div>\n","protected":false},"excerpt":{"rendered":"<p>29 Nisan 2026 Tarihli Resmi Gazete Say&#305;: 33238 Ticaret Bakanl&#305;&#287;&#305;ndan: MADDE 1- 14\/4\/2021 tarihli ve 31454 say&#305;l&#305; Resm\u00ee Gazete\u2019de yay&#305;mlanan Kuyum Tica&#8230; &nbsp;<\/p>\n","protected":false},"author":1,"featured_media":0,"comment_status":"closed","ping_status":"closed","sticky":false,"template":"","format":"standard","meta":{"footnotes":""},"categories":[1],"tags":[],"class_list":["post-7068","post","type-post","status-publish","format-standard","hentry","category-genel"],"_links":{"self":[{"href":"https:\/\/www.aldagulymm.com.tr\/index.php?rest_route=\/wp\/v2\/posts\/7068","targetHints":{"allow":["GET"]}}],"collection":[{"href":"https:\/\/www.aldagulymm.com.tr\/index.php?rest_route=\/wp\/v2\/posts"}],"about":[{"href":"https:\/\/www.aldagulymm.com.tr\/index.php?rest_route=\/wp\/v2\/types\/post"}],"author":[{"embeddable":true,"href":"https:\/\/www.aldagulymm.com.tr\/index.php?rest_route=\/wp\/v2\/users\/1"}],"replies":[{"embeddable":true,"href":"https:\/\/www.aldagulymm.com.tr\/index.php?rest_route=%2Fwp%2Fv2%2Fcomments&post=7068"}],"version-history":[{"count":0,"href":"https:\/\/www.aldagulymm.com.tr\/index.php?rest_route=\/wp\/v2\/posts\/7068\/revisions"}],"wp:attachment":[{"href":"https:\/\/www.aldagulymm.com.tr\/index.php?rest_route=%2Fwp%2Fv2%2Fmedia&parent=7068"}],"wp:term":[{"taxonomy":"category","embeddable":true,"href":"https:\/\/www.aldagulymm.com.tr\/index.php?rest_route=%2Fwp%2Fv2%2Fcategories&post=7068"},{"taxonomy":"post_tag","embeddable":true,"href":"https:\/\/www.aldagulymm.com.tr\/index.php?rest_route=%2Fwp%2Fv2%2Ftags&post=7068"}],"curies":[{"name":"wp","href":"https:\/\/api.w.org\/{rel}","templated":true}]}}