{"id":7072,"date":"2026-04-30T09:52:32","date_gmt":"2026-04-30T06:52:32","guid":{"rendered":"https:\/\/www.aldagulymm.com.tr\/?p=7072"},"modified":"2026-04-30T09:52:32","modified_gmt":"2026-04-30T06:52:32","slug":"issizlik-sigortasi-kanunundaki-devlet-payi-yeniden-belirlendi","status":"publish","type":"post","link":"https:\/\/www.aldagulymm.com.tr\/?p=7072","title":{"rendered":"\u0130\u015fsizlik Sigortas\u0131 Kanunundaki Devlet Pay\u0131 Yeniden Belirlendi"},"content":{"rendered":"<p><a href=\"http:\/\/www.alohaber.net\/wp\/wp-content\/uploads\/2018\/08\/cumhurbaskanligi-cb.png\"><img loading=\"lazy\" decoding=\"async\" class=\"alignleft size-full wp-image-12457\" src=\"http:\/\/www.alohaber.net\/wp\/wp-content\/uploads\/2018\/08\/cumhurbaskanligi-cb.png\" alt=\"\" width=\"80\" height=\"80\" \/><\/a>Mevzuat&#305;n Ad&#305;: 4447 Say&#305;l&#305; &#304;&#351;sizlik Sigortas&#305; Kanununun 49 uncu Maddesinde Yer Alan Devlet Pay&#305;n&#305;n Yeniden Belirlenmesi Hakk&#305;nda Karar (Karar Say&#305;s&#305;:&#8230;\u00a0<\/p>\n<p>&nbsp;<\/p>\n<p><!--more--><\/p>\n<p>&nbsp;<\/p>\n<p class=\"post-tile entry-title\" style=\"text-align: center\"><strong>&#304;&#351;sizlik Sigortas&#305; Kanunundaki Devlet Pay&#305; Yeniden Belirlendi<\/strong><\/p>\n<div class=\"mom-post-meta single-post-meta\">Tarih:\u00a0<time class=\"updated\" datetime=\"2026-04-30T00:09:33+03:00\">30 Nisan 2026<\/time><\/div>\n<div class=\"entry-content\">\n<p><em><strong>Mevzuat&#305;n Ad&#305;:<\/strong>\u00a04447 Say&#305;l&#305; &#304;&#351;sizlik Sigortas&#305; Kanununun 49 uncu Maddesinde Yer Alan Devlet Pay&#305;n&#305;n Yeniden Belirlenmesi Hakk&#305;nda Karar (Karar Say&#305;s&#305;: 11258)<\/em><\/p>\n<p>30 Nisan 2026 Tarihli Resmi Gazete<\/p>\n<p>Say&#305;: 33239<\/p>\n<p>Cumhurba&#351;kan&#305; Karar&#305;<\/p>\n<p>Karar Say&#305;s&#305;: 11258<\/p>\n<p>4447 say&#305;l&#305; &#304;&#351;sizlik Sigortas&#305; Kanununun 49 uncu maddesinde yer alan Devlet pay&#305;n&#305;n yeniden belirlenmesi hakk&#305;ndaki ekli Karar&#305;n y&#252;r&#252;rl&#252;&#287;e konulmas&#305;na, an&#305;lan Kanunun mezk\u00fbr maddesi gere&#287;ince karar verilmi&#351;tir.<\/p>\n<p>29 Nisan 2026<\/p>\n<p>Recep Tayyip ERDO&#286;AN<\/p>\n<p>CUMHURBA&#350;KANI<\/p>\n<p>29\/4\/2026 TAR&#304;HL&#304; VE 11258 SAYILI CUMHURBA&#350;KANI KARARININ EK&#304; KARAR<\/p>\n<p><strong>MADDE 1-<\/strong>\u00a0(1) 25\/8\/1999 tarihli ve\u00a0<strong><a href=\"https:\/\/www.alomaliye.com\/2000\/09\/08\/issizlik-sigortasi-kanunu-4447-sayili-kanun\/\">4447 say&#305;l&#305; &#304;&#351;sizlik Sigortas&#305; Kanununun<\/a><\/strong>\u00a049 uncu maddesinin birinci f&#305;kras&#305; uyar&#305;nca al&#305;nacak Devlet pay&#305; %0,5 olarak belirlenmi&#351;tir.<\/p>\n<p><strong>MADDE 2<\/strong>\u2013 (1) Bu Karar yay&#305;m&#305; tarihini takip eden ay ba&#351;&#305;nda y&#252;r&#252;rl&#252;&#287;e girer.<\/p>\n<p><strong>MADDE 3<\/strong>\u2013 (1) Bu Karar h&#252;k&#252;mlerini Cumhurba&#351;kan&#305; y&#252;r&#252;t&#252;r.<\/p>\n<\/div>\n","protected":false},"excerpt":{"rendered":"<p>Mevzuat&#305;n Ad&#305;: 4447 Say&#305;l&#305; &#304;&#351;sizlik Sigortas&#305; Kanununun 49 uncu Maddesinde Yer Alan Devlet Pay&#305;n&#305;n Yeniden Belirlenmesi Hakk&#305;nda Karar (Karar Say&#305;s&#305;:&#8230;\u00a0 &nbsp;<\/p>\n","protected":false},"author":1,"featured_media":0,"comment_status":"closed","ping_status":"closed","sticky":false,"template":"","format":"standard","meta":{"footnotes":""},"categories":[1],"tags":[],"class_list":["post-7072","post","type-post","status-publish","format-standard","hentry","category-genel"],"_links":{"self":[{"href":"https:\/\/www.aldagulymm.com.tr\/index.php?rest_route=\/wp\/v2\/posts\/7072","targetHints":{"allow":["GET"]}}],"collection":[{"href":"https:\/\/www.aldagulymm.com.tr\/index.php?rest_route=\/wp\/v2\/posts"}],"about":[{"href":"https:\/\/www.aldagulymm.com.tr\/index.php?rest_route=\/wp\/v2\/types\/post"}],"author":[{"embeddable":true,"href":"https:\/\/www.aldagulymm.com.tr\/index.php?rest_route=\/wp\/v2\/users\/1"}],"replies":[{"embeddable":true,"href":"https:\/\/www.aldagulymm.com.tr\/index.php?rest_route=%2Fwp%2Fv2%2Fcomments&post=7072"}],"version-history":[{"count":0,"href":"https:\/\/www.aldagulymm.com.tr\/index.php?rest_route=\/wp\/v2\/posts\/7072\/revisions"}],"wp:attachment":[{"href":"https:\/\/www.aldagulymm.com.tr\/index.php?rest_route=%2Fwp%2Fv2%2Fmedia&parent=7072"}],"wp:term":[{"taxonomy":"category","embeddable":true,"href":"https:\/\/www.aldagulymm.com.tr\/index.php?rest_route=%2Fwp%2Fv2%2Fcategories&post=7072"},{"taxonomy":"post_tag","embeddable":true,"href":"https:\/\/www.aldagulymm.com.tr\/index.php?rest_route=%2Fwp%2Fv2%2Ftags&post=7072"}],"curies":[{"name":"wp","href":"https:\/\/api.w.org\/{rel}","templated":true}]}}